{"@context":"https:\/\/schema.org\/","@type":"CollectionPage","@id":"https:\/\/www.colorkaros.cz\/internet\/#CollectionPage","headline":"Internet Category","description":"","url":"https:\/\/www.colorkaros.cz\/internet\/","hasPart":[{"@type":"Article","@id":"https:\/\/www.colorkaros.cz\/bez-penez-nestoji-zivot-za-to\/","headline":"Bez pen\u011bz nestoj\u00ed \u017eivot za to","url":"https:\/\/www.colorkaros.cz\/bez-penez-nestoji-zivot-za-to\/","datePublished":"2021-11-19","dateModified":"2023-05-05","mainEntityOfPage":"https:\/\/www.colorkaros.cz\/bez-penez-nestoji-zivot-za-to\/","author":{"@type":"Person","@id":"https:\/\/www.colorkaros.cz\/author\/#Person","name":"","url":"https:\/\/www.colorkaros.cz\/author\/","identifier":1,"image":{"@type":"ImageObject","@id":"https:\/\/secure.gravatar.com\/avatar\/bbaa4e9a58aac4329fe0ade0f3fb816f09f0dc43c21f6e884dccfbc124b16b29?s=96&d=mm&r=g","url":"https:\/\/secure.gravatar.com\/avatar\/bbaa4e9a58aac4329fe0ade0f3fb816f09f0dc43c21f6e884dccfbc124b16b29?s=96&d=mm&r=g","height":96,"width":96}},"publisher":{"@type":"Organization","name":"colorkaros.cz","logo":{"@type":"ImageObject","@id":"\/logo.png","url":"\/logo.png","width":600,"height":60}},"image":{"@type":"ImageObject","@id":"https:\/\/www.colorkaros.cz\/wp-content\/uploads\/eura%20a%20vlajky.jpg","url":"https:\/\/www.colorkaros.cz\/wp-content\/uploads\/eura%20a%20vlajky.jpg","height":0,"width":0},"keywords":null},{"@type":"Article","@id":"https:\/\/www.colorkaros.cz\/dejte-dohromady-100-financi-na-nemovitost\/","headline":"Dejte dohromady 100 % financ\u00ed na nemovitost","url":"https:\/\/www.colorkaros.cz\/dejte-dohromady-100-financi-na-nemovitost\/","datePublished":"2020-03-17","dateModified":"2023-05-05","mainEntityOfPage":"https:\/\/www.colorkaros.cz\/dejte-dohromady-100-financi-na-nemovitost\/","author":{"@type":"Person","@id":"https:\/\/www.colorkaros.cz\/author\/#Person","name":"","url":"https:\/\/www.colorkaros.cz\/author\/","identifier":1,"image":{"@type":"ImageObject","@id":"https:\/\/secure.gravatar.com\/avatar\/bbaa4e9a58aac4329fe0ade0f3fb816f09f0dc43c21f6e884dccfbc124b16b29?s=96&d=mm&r=g","url":"https:\/\/secure.gravatar.com\/avatar\/bbaa4e9a58aac4329fe0ade0f3fb816f09f0dc43c21f6e884dccfbc124b16b29?s=96&d=mm&r=g","height":96,"width":96}},"publisher":{"@type":"Organization","name":"colorkaros.cz","logo":{"@type":"ImageObject","@id":"\/logo.png","url":"\/logo.png","width":600,"height":60}},"image":{"@type":"ImageObject","@id":"https:\/\/www.colorkaros.cz\/wp-content\/uploads\/Domy%20na%20pozemku.jpg","url":"https:\/\/www.colorkaros.cz\/wp-content\/uploads\/Domy%20na%20pozemku.jpg","height":0,"width":0},"keywords":null},{"@type":"Article","@id":"https:\/\/www.colorkaros.cz\/individualni-pristup-je-zaklad-dobre-pujcky\/","headline":"Individu\u00e1ln\u00ed p\u0159\u00edstup je z\u00e1klad dobr\u00e9 p\u016fj\u010dky","url":"https:\/\/www.colorkaros.cz\/individualni-pristup-je-zaklad-dobre-pujcky\/","datePublished":"2019-01-29","dateModified":"2023-05-05","mainEntityOfPage":"https:\/\/www.colorkaros.cz\/individualni-pristup-je-zaklad-dobre-pujcky\/","author":{"@type":"Person","@id":"https:\/\/www.colorkaros.cz\/author\/#Person","name":"","url":"https:\/\/www.colorkaros.cz\/author\/","identifier":1,"image":{"@type":"ImageObject","@id":"https:\/\/secure.gravatar.com\/avatar\/bbaa4e9a58aac4329fe0ade0f3fb816f09f0dc43c21f6e884dccfbc124b16b29?s=96&d=mm&r=g","url":"https:\/\/secure.gravatar.com\/avatar\/bbaa4e9a58aac4329fe0ade0f3fb816f09f0dc43c21f6e884dccfbc124b16b29?s=96&d=mm&r=g","height":96,"width":96}},"publisher":{"@type":"Organization","name":"colorkaros.cz","logo":{"@type":"ImageObject","@id":"\/logo.png","url":"\/logo.png","width":600,"height":60}},"image":{"@type":"ImageObject","@id":"https:\/\/www.colorkaros.cz\/wp-content\/uploads\/img_a341107_w1743_t1553862837.jpg","url":"https:\/\/www.colorkaros.cz\/wp-content\/uploads\/img_a341107_w1743_t1553862837.jpg","height":0,"width":0},"keywords":null},{"@type":"Article","@id":"https:\/\/www.colorkaros.cz\/financni-nezavislost\/","headline":"Finan\u010dn\u00ed nez\u00e1vislost","url":"https:\/\/www.colorkaros.cz\/financni-nezavislost\/","datePublished":"2018-11-25","dateModified":"2023-05-05","mainEntityOfPage":"https:\/\/www.colorkaros.cz\/financni-nezavislost\/","author":{"@type":"Person","@id":"https:\/\/www.colorkaros.cz\/author\/#Person","name":"","url":"https:\/\/www.colorkaros.cz\/author\/","identifier":1,"image":{"@type":"ImageObject","@id":"https:\/\/secure.gravatar.com\/avatar\/bbaa4e9a58aac4329fe0ade0f3fb816f09f0dc43c21f6e884dccfbc124b16b29?s=96&d=mm&r=g","url":"https:\/\/secure.gravatar.com\/avatar\/bbaa4e9a58aac4329fe0ade0f3fb816f09f0dc43c21f6e884dccfbc124b16b29?s=96&d=mm&r=g","height":96,"width":96}},"publisher":{"@type":"Organization","name":"colorkaros.cz","logo":{"@type":"ImageObject","@id":"\/logo.png","url":"\/logo.png","width":600,"height":60}},"image":{"@type":"ImageObject","@id":"https:\/\/www.colorkaros.cz\/wp-content\/uploads\/img_a334866_w2417_t1548393957.jpg","url":"https:\/\/www.colorkaros.cz\/wp-content\/uploads\/img_a334866_w2417_t1548393957.jpg","height":0,"width":0},"keywords":null},{"@type":"Article","@id":"https:\/\/www.colorkaros.cz\/zapis-v-registru-dluzniku-nehraje-prakticky-zadnou-roli\/","headline":"Z\u00e1pis v registru dlu\u017en\u00edk\u016f nehraje prakticky \u017e\u00e1dnou roli","url":"https:\/\/www.colorkaros.cz\/zapis-v-registru-dluzniku-nehraje-prakticky-zadnou-roli\/","datePublished":"2018-06-17","dateModified":"2023-05-05","mainEntityOfPage":"https:\/\/www.colorkaros.cz\/zapis-v-registru-dluzniku-nehraje-prakticky-zadnou-roli\/","author":{"@type":"Person","@id":"https:\/\/www.colorkaros.cz\/author\/#Person","name":"","url":"https:\/\/www.colorkaros.cz\/author\/","identifier":1,"image":{"@type":"ImageObject","@id":"https:\/\/secure.gravatar.com\/avatar\/bbaa4e9a58aac4329fe0ade0f3fb816f09f0dc43c21f6e884dccfbc124b16b29?s=96&d=mm&r=g","url":"https:\/\/secure.gravatar.com\/avatar\/bbaa4e9a58aac4329fe0ade0f3fb816f09f0dc43c21f6e884dccfbc124b16b29?s=96&d=mm&r=g","height":96,"width":96}},"publisher":{"@type":"Organization","name":"colorkaros.cz","logo":{"@type":"ImageObject","@id":"\/logo.png","url":"\/logo.png","width":600,"height":60}},"image":{"@type":"ImageObject","@id":"https:\/\/www.colorkaros.cz\/wp-content\/uploads\/img_a322709_w1693_t1534478229.jpg","url":"https:\/\/www.colorkaros.cz\/wp-content\/uploads\/img_a322709_w1693_t1534478229.jpg","height":0,"width":0},"keywords":null},{"@type":"Article","@id":"https:\/\/www.colorkaros.cz\/pohled-na-ekonomiku-dnesnich-domacnosti\/","headline":"Pohled na ekonomiku dne\u0161n\u00edch dom\u00e1cnost\u00ed","url":"https:\/\/www.colorkaros.cz\/pohled-na-ekonomiku-dnesnich-domacnosti\/","datePublished":"2018-06-05","dateModified":"2023-05-05","mainEntityOfPage":"https:\/\/www.colorkaros.cz\/pohled-na-ekonomiku-dnesnich-domacnosti\/","author":{"@type":"Person","@id":"https:\/\/www.colorkaros.cz\/author\/#Person","name":"","url":"https:\/\/www.colorkaros.cz\/author\/","identifier":1,"image":{"@type":"ImageObject","@id":"https:\/\/secure.gravatar.com\/avatar\/bbaa4e9a58aac4329fe0ade0f3fb816f09f0dc43c21f6e884dccfbc124b16b29?s=96&d=mm&r=g","url":"https:\/\/secure.gravatar.com\/avatar\/bbaa4e9a58aac4329fe0ade0f3fb816f09f0dc43c21f6e884dccfbc124b16b29?s=96&d=mm&r=g","height":96,"width":96}},"publisher":{"@type":"Organization","name":"colorkaros.cz","logo":{"@type":"ImageObject","@id":"\/logo.png","url":"\/logo.png","width":600,"height":60}},"image":{"@type":"ImageObject","@id":"https:\/\/www.colorkaros.cz\/wp-content\/uploads\/img_a321982_w2417_t1533456234.jpg","url":"https:\/\/www.colorkaros.cz\/wp-content\/uploads\/img_a321982_w2417_t1533456234.jpg","height":0,"width":0},"keywords":null},{"@type":"Article","@id":"https:\/\/www.colorkaros.cz\/chcete-hypoteku-a-mate-zaznam-mezi-dluzniky\/","headline":"Chcete hypot\u00e9ku a m\u00e1te z\u00e1znam mezi dlu\u017en\u00edky?","url":"https:\/\/www.colorkaros.cz\/chcete-hypoteku-a-mate-zaznam-mezi-dluzniky\/","datePublished":"2018-04-10","dateModified":"2023-05-05","mainEntityOfPage":"https:\/\/www.colorkaros.cz\/chcete-hypoteku-a-mate-zaznam-mezi-dluzniky\/","author":{"@type":"Person","@id":"https:\/\/www.colorkaros.cz\/author\/#Person","name":"","url":"https:\/\/www.colorkaros.cz\/author\/","identifier":1,"image":{"@type":"ImageObject","@id":"https:\/\/secure.gravatar.com\/avatar\/bbaa4e9a58aac4329fe0ade0f3fb816f09f0dc43c21f6e884dccfbc124b16b29?s=96&d=mm&r=g","url":"https:\/\/secure.gravatar.com\/avatar\/bbaa4e9a58aac4329fe0ade0f3fb816f09f0dc43c21f6e884dccfbc124b16b29?s=96&d=mm&r=g","height":96,"width":96}},"publisher":{"@type":"Organization","name":"colorkaros.cz","logo":{"@type":"ImageObject","@id":"\/logo.png","url":"\/logo.png","width":600,"height":60}},"image":{"@type":"ImageObject","@id":"https:\/\/www.colorkaros.cz\/wp-content\/uploads\/img_a317809_w2600_t1528609197.jpg","url":"https:\/\/www.colorkaros.cz\/wp-content\/uploads\/img_a317809_w2600_t1528609197.jpg","height":0,"width":0},"keywords":null},{"@type":"Article","@id":"https:\/\/www.colorkaros.cz\/kauza-lithium-se-resi-od-rijna-2017-do-te-doby-o-nem-takrka-nikdo-nevedel\/","headline":"Kauza Lithium se \u0159e\u0161\u00ed od \u0159\u00edjna 2017, do t\u00e9 doby o n\u011bm tak\u0159ka nikdo nev\u011bd\u011bl","url":"https:\/\/www.colorkaros.cz\/kauza-lithium-se-resi-od-rijna-2017-do-te-doby-o-nem-takrka-nikdo-nevedel\/","datePublished":"2017-12-24","dateModified":"2023-05-05","mainEntityOfPage":"https:\/\/www.colorkaros.cz\/kauza-lithium-se-resi-od-rijna-2017-do-te-doby-o-nem-takrka-nikdo-nevedel\/","author":{"@type":"Person","@id":"https:\/\/www.colorkaros.cz\/author\/#Person","name":"","url":"https:\/\/www.colorkaros.cz\/author\/","identifier":1,"image":{"@type":"ImageObject","@id":"https:\/\/secure.gravatar.com\/avatar\/bbaa4e9a58aac4329fe0ade0f3fb816f09f0dc43c21f6e884dccfbc124b16b29?s=96&d=mm&r=g","url":"https:\/\/secure.gravatar.com\/avatar\/bbaa4e9a58aac4329fe0ade0f3fb816f09f0dc43c21f6e884dccfbc124b16b29?s=96&d=mm&r=g","height":96,"width":96}},"publisher":{"@type":"Organization","name":"colorkaros.cz","logo":{"@type":"ImageObject","@id":"\/logo.png","url":"\/logo.png","width":600,"height":60}},"image":{"@type":"ImageObject","@id":"https:\/\/www.colorkaros.cz\/wp-content\/uploads\/img_a308367_w2417_t1519466836.jpg","url":"https:\/\/www.colorkaros.cz\/wp-content\/uploads\/img_a308367_w2417_t1519466836.jpg","height":0,"width":0},"keywords":null}]}