[{"@context":"https:\/\/schema.org\/","@type":"Article","@id":"https:\/\/www.colorkaros.cz\/kauza-lithium-se-resi-od-rijna-2017-do-te-doby-o-nem-takrka-nikdo-nevedel\/#Article","mainEntityOfPage":"https:\/\/www.colorkaros.cz\/kauza-lithium-se-resi-od-rijna-2017-do-te-doby-o-nem-takrka-nikdo-nevedel\/","headline":"Kauza Lithium se \u0159e\u0161\u00ed od \u0159\u00edjna 2017, do t\u00e9 doby o n\u011bm tak\u0159ka nikdo nev\u011bd\u011bl","name":"Kauza Lithium se \u0159e\u0161\u00ed od \u0159\u00edjna 2017, do t\u00e9 doby o n\u011bm tak\u0159ka nikdo nev\u011bd\u011bl","description":"N\u011bkdo se cht\u011bl napakovat do vlastn\u00ed kapsy, my \u010ce\u0161i to dob\u0159e zn\u00e1me, nebo\u0165 takov\u00fd postoj tunelov\u00e1n\u00ed a ob\u0159\u00edch zlod\u011bjen ve velk\u00e9m stylu se tu objevil mnohokr\u00e1t. Lithium bylo docela nezn\u00e1m\u00fdm kovem a\u017e do \u0159\u00edjna roku 2017. Lo\u017eiska lithia v\u00a0Kru\u0161n\u00fdch hor\u00e1ch zkoumala pouze australsk\u00e1 firma Gomet a bylo ticho po p\u011b\u0161in\u011b. Pro politickou sc\u00e9nu nebylo lithium ...","datePublished":"2017-12-24","dateModified":"2023-05-05","author":{"@type":"Person","@id":"https:\/\/www.colorkaros.cz\/author\/#Person","name":"","url":"https:\/\/www.colorkaros.cz\/author\/","identifier":1,"image":{"@type":"ImageObject","@id":"https:\/\/secure.gravatar.com\/avatar\/bbaa4e9a58aac4329fe0ade0f3fb816f09f0dc43c21f6e884dccfbc124b16b29?s=96&d=mm&r=g","url":"https:\/\/secure.gravatar.com\/avatar\/bbaa4e9a58aac4329fe0ade0f3fb816f09f0dc43c21f6e884dccfbc124b16b29?s=96&d=mm&r=g","height":96,"width":96}},"publisher":{"@type":"Organization","name":"colorkaros.cz","logo":{"@type":"ImageObject","@id":"\/logo.png","url":"\/logo.png","width":600,"height":60}},"image":{"@type":"ImageObject","@id":"https:\/\/www.colorkaros.cz\/wp-content\/uploads\/img_a308367_w2417_t1519466836.jpg","url":"https:\/\/www.colorkaros.cz\/wp-content\/uploads\/img_a308367_w2417_t1519466836.jpg","height":0,"width":0},"url":"https:\/\/www.colorkaros.cz\/kauza-lithium-se-resi-od-rijna-2017-do-te-doby-o-nem-takrka-nikdo-nevedel\/","about":["Internet"],"wordCount":419,"articleBody":"N\u011bkdo se cht\u011bl napakovat do vlastn\u00ed kapsy, my \u010ce\u0161i to dob\u0159e zn\u00e1me, nebo\u0165 takov\u00fd postoj tunelov\u00e1n\u00ed a ob\u0159\u00edch zlod\u011bjen ve velk\u00e9m stylu se tu objevil mnohokr\u00e1t.Lithium bylo docela nezn\u00e1m\u00fdm kovem a\u017e do \u0159\u00edjna roku 2017. Lo\u017eiska lithia v\u00a0Kru\u0161n\u00fdch hor\u00e1ch zkoumala pouze australsk\u00e1 firma Gomet a bylo ticho po p\u011b\u0161in\u011b. Pro politickou sc\u00e9nu nebylo lithium ni\u010d\u00edm zaj\u00edmav\u00fdm a mo\u017en\u00e1 by nebylo ani dnes, kdyby celou af\u00e9ru o t\u011b\u017eb\u011b lithia zahrani\u010dn\u00edmi firmami nerozdm\u00fdchali komunist\u00e9, hnut\u00ed kolem pana Okamury a webov\u00e9 str\u00e1nky mnohdy kontroverzn\u00edho informa\u010dn\u00edho port\u00e1lu Aeronet.\u00a0 Do problematiky se pak zapojilo tak\u00e9 hnut\u00ed ANO a t\u00edm p\u00e1dem se politick\u00e1 sc\u00e9na, a\u017e na p\u00e1r v\u00fdjimek, zam\u011b\u0159ila na toho, kde prodej \u010desk\u00e9ho lithia hodlal uskute\u010dnit. Byl to tehdej\u0161\u00ed ministr pr\u016fmyslu a obchodu Ji\u0159\u00ed Havl\u00ed\u010dek.\tAustral\u0161t\u00ed prospekto\u0159i z\u00edskali povolen\u00ed k\u00a0pr\u016fzkumu hlubinn\u00fdch zdroj\u016f ji\u017e d\u00e1vno. Pro\u010d asi?Poslanci tedy zasedali a memorandum mezi australskou t\u011b\u017ea\u0159skou spole\u010dnost\u00ed a ministerstvem pr\u016fmyslu a obchodu, kter\u00e9 Ji\u0159\u00ed Havl\u00ed\u010dek podepsal, prohl\u00e1sili za tzv. nulitn\u00ed. To znamen\u00e1, \u017ee z\u00a0memoranda nevypl\u00fdvaj\u00ed \u017e\u00e1dn\u00e9 povinnosti ani \u017e\u00e1dn\u00e1 pr\u00e1va. Jak to tedy bude d\u00e1l, bude pr\u016fzkum a t\u011b\u017ebu lithia prov\u00e1d\u011bt st\u00e1tn\u00ed podnik? Mimochodem, nejde o \u017e\u00e1dn\u00fd drobn\u00fd zdroj p\u0159\u00edjm\u016f, p\u016fjde o stovky miliard korun.Tak jednoduch\u00e9 to zas nen\u00ed, firma Geomet z\u00edskala toti\u017e od vl\u00e1dy povolen\u00ed k\u00a0pr\u016fzkumu lo\u017eisek a m\u011bla ji\u017e dokonce vymezen prostor pro dob\u00fdv\u00e1n\u00ed. V\u0161e prob\u00edhalo korektn\u011b podle p\u0159\u00edslu\u0161n\u00fdch p\u0159edpis\u016f a firma t\u00edm p\u00e1dem splnila podm\u00ednky k\u00a0n\u00e1sledn\u00e9 t\u011b\u017eb\u011b. M\u011bla tedy p\u0159ednostn\u00ed pr\u00e1vo surovinu t\u011b\u017eit a z\u00e1kon prav\u00ed, \u017ee kdy\u017e t\u011b\u017eebn\u00ed spole\u010dnost toho nevyu\u017eije, teprve tehdy m\u016f\u017ee st\u00e1t p\u0159id\u011blit pr\u00e1vo na dob\u00fdv\u00e1n\u00ed n\u011bkomu jin\u00e9mu. Ostatn\u011b, kdo by hodlal investovat nemal\u00e9 prost\u0159edky do pr\u016fzkumu podzemn\u00edch t\u011b\u017eebn\u00edch lo\u017eisek, kdyby je necht\u011bl n\u00e1sledn\u011b t\u011b\u017eit?Jak bude pr\u016fzkum a t\u011b\u017eba lithia prob\u00edhat d\u00e1l, z\u00e1le\u017e\u00ed na v\u00fdvoji politick\u00e9 sc\u00e9ny a na postoji samotn\u00e9 vl\u00e1dy a poslanc\u016f, pochopiteln\u011b i nov\u011b znovuzvolen\u00e9ho prezidenta republiky Milo\u0161e Zemana.                                                                                                                                                                                                                                                                                                                                                                                        4.4\/5 - (8 votes)        "},{"@context":"https:\/\/schema.org\/","@type":"BreadcrumbList","itemListElement":[{"@type":"ListItem","position":1,"name":"Kauza Lithium se \u0159e\u0161\u00ed od \u0159\u00edjna 2017, do t\u00e9 doby o n\u011bm tak\u0159ka nikdo nev\u011bd\u011bl","item":"https:\/\/www.colorkaros.cz\/kauza-lithium-se-resi-od-rijna-2017-do-te-doby-o-nem-takrka-nikdo-nevedel\/#breadcrumbitem"}]}]