{"@context":"https:\/\/schema.org\/","@type":"CollectionPage","@id":"https:\/\/www.colorkaros.cz\/krasa\/#CollectionPage","headline":"Kr\u00e1sa Category","description":"","url":"https:\/\/www.colorkaros.cz\/krasa\/","hasPart":[{"@type":"Article","@id":"https:\/\/www.colorkaros.cz\/bezpecne-bylinky\/","headline":"Bezpe\u010dn\u00e9 bylinky","url":"https:\/\/www.colorkaros.cz\/bezpecne-bylinky\/","datePublished":"2019-03-26","dateModified":"2023-05-05","mainEntityOfPage":"https:\/\/www.colorkaros.cz\/bezpecne-bylinky\/","author":{"@type":"Person","@id":"https:\/\/www.colorkaros.cz\/author\/#Person","name":"","url":"https:\/\/www.colorkaros.cz\/author\/","identifier":1,"image":{"@type":"ImageObject","@id":"https:\/\/secure.gravatar.com\/avatar\/bbaa4e9a58aac4329fe0ade0f3fb816f09f0dc43c21f6e884dccfbc124b16b29?s=96&d=mm&r=g","url":"https:\/\/secure.gravatar.com\/avatar\/bbaa4e9a58aac4329fe0ade0f3fb816f09f0dc43c21f6e884dccfbc124b16b29?s=96&d=mm&r=g","height":96,"width":96}},"publisher":{"@type":"Organization","name":"colorkaros.cz","logo":{"@type":"ImageObject","@id":"\/logo.png","url":"\/logo.png","width":600,"height":60}},"image":{"@type":"ImageObject","@id":"https:\/\/www.colorkaros.cz\/wp-content\/uploads\/img_a345133_w2417_t1558859625.jpg","url":"https:\/\/www.colorkaros.cz\/wp-content\/uploads\/img_a345133_w2417_t1558859625.jpg","height":0,"width":0},"keywords":null},{"@type":"Article","@id":"https:\/\/www.colorkaros.cz\/objednavejte-pouze-u-overenych-prodejcu\/","headline":"Objedn\u00e1vejte pouze u ov\u011b\u0159en\u00fdch prodejc\u016f","url":"https:\/\/www.colorkaros.cz\/objednavejte-pouze-u-overenych-prodejcu\/","datePublished":"2019-02-01","dateModified":"2023-05-05","mainEntityOfPage":"https:\/\/www.colorkaros.cz\/objednavejte-pouze-u-overenych-prodejcu\/","author":{"@type":"Person","@id":"https:\/\/www.colorkaros.cz\/author\/#Person","name":"","url":"https:\/\/www.colorkaros.cz\/author\/","identifier":1,"image":{"@type":"ImageObject","@id":"https:\/\/secure.gravatar.com\/avatar\/bbaa4e9a58aac4329fe0ade0f3fb816f09f0dc43c21f6e884dccfbc124b16b29?s=96&d=mm&r=g","url":"https:\/\/secure.gravatar.com\/avatar\/bbaa4e9a58aac4329fe0ade0f3fb816f09f0dc43c21f6e884dccfbc124b16b29?s=96&d=mm&r=g","height":96,"width":96}},"publisher":{"@type":"Organization","name":"colorkaros.cz","logo":{"@type":"ImageObject","@id":"\/logo.png","url":"\/logo.png","width":600,"height":60}},"image":{"@type":"ImageObject","@id":"https:\/\/www.colorkaros.cz\/wp-content\/uploads\/img_a341488_w2417_t1554112908.jpg","url":"https:\/\/www.colorkaros.cz\/wp-content\/uploads\/img_a341488_w2417_t1554112908.jpg","height":0,"width":0},"keywords":null},{"@type":"Article","@id":"https:\/\/www.colorkaros.cz\/strelba-muze-byt-dobra-zabava\/","headline":"St\u0159elba m\u016f\u017ee b\u00fdt dobr\u00e1 z\u00e1bava","url":"https:\/\/www.colorkaros.cz\/strelba-muze-byt-dobra-zabava\/","datePublished":"2018-11-16","dateModified":"2023-05-05","mainEntityOfPage":"https:\/\/www.colorkaros.cz\/strelba-muze-byt-dobra-zabava\/","author":{"@type":"Person","@id":"https:\/\/www.colorkaros.cz\/author\/#Person","name":"","url":"https:\/\/www.colorkaros.cz\/author\/","identifier":1,"image":{"@type":"ImageObject","@id":"https:\/\/secure.gravatar.com\/avatar\/bbaa4e9a58aac4329fe0ade0f3fb816f09f0dc43c21f6e884dccfbc124b16b29?s=96&d=mm&r=g","url":"https:\/\/secure.gravatar.com\/avatar\/bbaa4e9a58aac4329fe0ade0f3fb816f09f0dc43c21f6e884dccfbc124b16b29?s=96&d=mm&r=g","height":96,"width":96}},"publisher":{"@type":"Organization","name":"colorkaros.cz","logo":{"@type":"ImageObject","@id":"\/logo.png","url":"\/logo.png","width":600,"height":60}},"image":{"@type":"ImageObject","@id":"https:\/\/www.colorkaros.cz\/wp-content\/uploads\/img_a334048_w1681_t1547632858.jpg","url":"https:\/\/www.colorkaros.cz\/wp-content\/uploads\/img_a334048_w1681_t1547632858.jpg","height":0,"width":0},"keywords":null},{"@type":"Article","@id":"https:\/\/www.colorkaros.cz\/zraneni\/","headline":"Zran\u011bn\u00ed","url":"https:\/\/www.colorkaros.cz\/zraneni\/","datePublished":"2018-06-13","dateModified":"2023-05-05","mainEntityOfPage":"https:\/\/www.colorkaros.cz\/zraneni\/","author":{"@type":"Person","@id":"https:\/\/www.colorkaros.cz\/author\/#Person","name":"","url":"https:\/\/www.colorkaros.cz\/author\/","identifier":1,"image":{"@type":"ImageObject","@id":"https:\/\/secure.gravatar.com\/avatar\/bbaa4e9a58aac4329fe0ade0f3fb816f09f0dc43c21f6e884dccfbc124b16b29?s=96&d=mm&r=g","url":"https:\/\/secure.gravatar.com\/avatar\/bbaa4e9a58aac4329fe0ade0f3fb816f09f0dc43c21f6e884dccfbc124b16b29?s=96&d=mm&r=g","height":96,"width":96}},"publisher":{"@type":"Organization","name":"colorkaros.cz","logo":{"@type":"ImageObject","@id":"\/logo.png","url":"\/logo.png","width":600,"height":60}},"image":{"@type":"ImageObject","@id":"https:\/\/www.colorkaros.cz\/wp-content\/uploads\/img_a322481_w2417_t1534149890.jpg","url":"https:\/\/www.colorkaros.cz\/wp-content\/uploads\/img_a322481_w2417_t1534149890.jpg","height":0,"width":0},"keywords":null},{"@type":"Article","@id":"https:\/\/www.colorkaros.cz\/spojte-se-proti-demenci\/","headline":"Spojte se proti demenci","url":"https:\/\/www.colorkaros.cz\/spojte-se-proti-demenci\/","datePublished":"2018-02-06","dateModified":"2023-05-05","mainEntityOfPage":"https:\/\/www.colorkaros.cz\/spojte-se-proti-demenci\/","author":{"@type":"Person","@id":"https:\/\/www.colorkaros.cz\/author\/#Person","name":"","url":"https:\/\/www.colorkaros.cz\/author\/","identifier":1,"image":{"@type":"ImageObject","@id":"https:\/\/secure.gravatar.com\/avatar\/bbaa4e9a58aac4329fe0ade0f3fb816f09f0dc43c21f6e884dccfbc124b16b29?s=96&d=mm&r=g","url":"https:\/\/secure.gravatar.com\/avatar\/bbaa4e9a58aac4329fe0ade0f3fb816f09f0dc43c21f6e884dccfbc124b16b29?s=96&d=mm&r=g","height":96,"width":96}},"publisher":{"@type":"Organization","name":"colorkaros.cz","logo":{"@type":"ImageObject","@id":"\/logo.png","url":"\/logo.png","width":600,"height":60}},"image":{"@type":"ImageObject","@id":"https:\/\/www.colorkaros.cz\/wp-content\/uploads\/img_a312008_w2417_t1523044583.jpg","url":"https:\/\/www.colorkaros.cz\/wp-content\/uploads\/img_a312008_w2417_t1523044583.jpg","height":0,"width":0},"keywords":null},{"@type":"Article","@id":"https:\/\/www.colorkaros.cz\/bolest-bederni-patere-aneb-adekvatni-prevence-a-pomoc\/","headline":"Bolest bedern\u00ed p\u00e1te\u0159e aneb adekv\u00e1tn\u00ed prevence a pomoc","url":"https:\/\/www.colorkaros.cz\/bolest-bederni-patere-aneb-adekvatni-prevence-a-pomoc\/","datePublished":"2017-12-19","dateModified":"2023-05-05","mainEntityOfPage":"https:\/\/www.colorkaros.cz\/bolest-bederni-patere-aneb-adekvatni-prevence-a-pomoc\/","author":{"@type":"Person","@id":"https:\/\/www.colorkaros.cz\/author\/#Person","name":"","url":"https:\/\/www.colorkaros.cz\/author\/","identifier":1,"image":{"@type":"ImageObject","@id":"https:\/\/secure.gravatar.com\/avatar\/bbaa4e9a58aac4329fe0ade0f3fb816f09f0dc43c21f6e884dccfbc124b16b29?s=96&d=mm&r=g","url":"https:\/\/secure.gravatar.com\/avatar\/bbaa4e9a58aac4329fe0ade0f3fb816f09f0dc43c21f6e884dccfbc124b16b29?s=96&d=mm&r=g","height":96,"width":96}},"publisher":{"@type":"Organization","name":"colorkaros.cz","logo":{"@type":"ImageObject","@id":"\/logo.png","url":"\/logo.png","width":600,"height":60}},"image":{"@type":"ImageObject","@id":"https:\/\/www.colorkaros.cz\/wp-content\/uploads\/img_a307877_w2417_t1519075364.jpg","url":"https:\/\/www.colorkaros.cz\/wp-content\/uploads\/img_a307877_w2417_t1519075364.jpg","height":0,"width":0},"keywords":null}]}