[{"@context":"https:\/\/schema.org\/","@type":"Article","@id":"https:\/\/www.colorkaros.cz\/krasne-vlasy-nejsou-samozrejmosti\/#Article","mainEntityOfPage":"https:\/\/www.colorkaros.cz\/krasne-vlasy-nejsou-samozrejmosti\/","headline":"Kr\u00e1sn\u00e9 vlasy nejsou samoz\u0159ejmost\u00ed","name":"Kr\u00e1sn\u00e9 vlasy nejsou samoz\u0159ejmost\u00ed","description":"Pro mnoh\u00e9 z n\u00e1s jsou p\u011bkn\u00e9, zdrav\u00e9 a siln\u00e9 vlasy \u010d\u00edmsi, co prost\u011b maj\u00ed a ani je nenapadne, \u017ee by to mohlo b\u00fdt jinak, berou to jako cosi samoz\u0159ejm\u00e9ho, o co nen\u00ed t\u0159eba pe\u010dovat. Jak\u00fd poklad jsme m\u011bli, si mnohdy uv\u011bdom\u00edme a\u017e ve chv\u00edli, kdy vlasy za\u010dnou sl\u00e1bnout, l\u00e1mat se \u010di dokonce v nadm\u011brn\u00e9m mno\u017estv\u00ed ...","datePublished":"2023-07-07","dateModified":"2023-07-07","author":{"@type":"Person","@id":"https:\/\/www.colorkaros.cz\/author\/#Person","name":"","url":"https:\/\/www.colorkaros.cz\/author\/","identifier":1,"image":{"@type":"ImageObject","@id":"https:\/\/secure.gravatar.com\/avatar\/bbaa4e9a58aac4329fe0ade0f3fb816f09f0dc43c21f6e884dccfbc124b16b29?s=96&d=mm&r=g","url":"https:\/\/secure.gravatar.com\/avatar\/bbaa4e9a58aac4329fe0ade0f3fb816f09f0dc43c21f6e884dccfbc124b16b29?s=96&d=mm&r=g","height":96,"width":96}},"publisher":{"@type":"Organization","name":"colorkaros.cz","logo":{"@type":"ImageObject","@id":"\/logo.png","url":"\/logo.png","width":600,"height":60}},"url":"https:\/\/www.colorkaros.cz\/krasne-vlasy-nejsou-samozrejmosti\/","wordCount":239,"articleBody":"Pro mnoh\u00e9 z n\u00e1s jsou p\u011bkn\u00e9, zdrav\u00e9 a siln\u00e9 vlasy \u010d\u00edmsi, co prost\u011b maj\u00ed a ani je nenapadne, \u017ee by to mohlo b\u00fdt jinak, berou to jako cosi samoz\u0159ejm\u00e9ho, o co nen\u00ed t\u0159eba pe\u010dovat. Jak\u00fd poklad jsme m\u011bli, si mnohdy uv\u011bdom\u00edme a\u017e ve chv\u00edli, kdy vlasy za\u010dnou sl\u00e1bnout, l\u00e1mat se \u010di dokonce v nadm\u011brn\u00e9m mno\u017estv\u00ed vypad\u00e1vat. Asi v t\u00e9to chv\u00edli v\u011bt\u0161ina lid\u00ed nav\u0161t\u00edv\u00ed l\u00e9ka\u0159e, nicm\u00e9n\u011b ne v\u017edy je snadn\u00e9 odhalit p\u0159\u00ed\u010dinu tohoto jevu, nebo\u0165 kvalita vlas\u016f je ovlivn\u011bna genetick\u00fdm vybaven\u00edm, hormon\u00e1ln\u00edm p\u016fsoben\u00edm, kvalitou stravy a celou \u0159adou dal\u0161\u00edch faktor\u016f.Alopecie nen\u00ed ne\u0159e\u0161iteln\u00e1Pokud n\u00e1s tedy tr\u00e1p\u00ed probl\u00e9my s vlasy a poko\u017ekou hlavy, l\u00e9ka\u0159 n\u011bkdy stanov\u00ed diagn\u00f3zu, kter\u00e1 zn\u00ed a\u017e p\u0159\u00edli\u0161 nemilosrdn\u011b \u2013 alopecie. Toto onemocn\u011bn\u00ed zp\u016fsobuje ztr\u00e1tu vlas\u016f ve shluc\u00edch \u010di dokonce \u00faplnou. V\u00edte ale, \u017ee je mo\u017enost s n\u00ed bojovat? Postavte se j\u00ed s pomoc\u00ed magnetoterapie. Pomoc\u00ed jedine\u010dn\u00e9ho za\u0159\u00edzen\u00ed pom\u016f\u017eete prokrven\u00ed poko\u017eky hlavy a t\u00edm i lep\u0161\u00edmu r\u016fstu vlas\u016f. Vyhledejte l\u00e9ka\u0159e s t\u00edmto vybaven\u00edm ve Va\u0161em okol\u00ed, p\u0159\u00edpadn\u011b si rovnou po\u0159i\u010fte toto za\u0159\u00edzen\u00ed p\u0159\u00edmo a\u017e dom\u016f.                                                                                                                                                                                                                                                                                                                                                                                        4.3\/5 - (6 votes)        "},{"@context":"https:\/\/schema.org\/","@type":"BreadcrumbList","itemListElement":[{"@type":"ListItem","position":1,"name":"Kr\u00e1sn\u00e9 vlasy nejsou samoz\u0159ejmost\u00ed","item":"https:\/\/www.colorkaros.cz\/krasne-vlasy-nejsou-samozrejmosti\/#breadcrumbitem"}]}]