[{"@context":"https:\/\/schema.org\/","@type":"Article","@id":"https:\/\/www.colorkaros.cz\/leskle-a-huste-jiz-nemusi-byt-pouhym-snem\/#Article","mainEntityOfPage":"https:\/\/www.colorkaros.cz\/leskle-a-huste-jiz-nemusi-byt-pouhym-snem\/","headline":"Leskl\u00e9 a hust\u00e9 ji\u017e nemus\u00ed b\u00fdt pouh\u00fdm snem","name":"Leskl\u00e9 a hust\u00e9 ji\u017e nemus\u00ed b\u00fdt pouh\u00fdm snem","description":"S prodlu\u017eov\u00e1n\u00edm vlas\u016f budete m\u00edt zaru\u010den\u011b \u00fasp\u011bch.Bez t\u00e9to procedurynebudete m\u00edt nikdy dokonal\u00fd \u00fa\u010des, po kter\u00e9m ji\u017e n\u011bkolik let marn\u011b tou\u017e\u00edte. Dlouh\u00e9, hust\u00e9 a leskl\u00e9 jsou snem ka\u017ed\u00e9 \u017eeny. Pokud m\u00e1te ji\u017e n\u011bkolik let po\u0159\u00e1d stejn\u00fd \u00fa\u010des, kter\u00fd je prost\u011b tuctov\u00fd, chce to doopravdy okam\u017eit\u011b n\u011bjakou vhodnou zm\u011bnu. Jist\u011b to bude zm\u011bna k lep\u0161\u00edmu. Kr\u00e1sn\u011b dlouh\u00e9 ...","datePublished":"2024-11-14","dateModified":"2024-11-14","author":{"@type":"Person","@id":"https:\/\/www.colorkaros.cz\/author\/#Person","name":"","url":"https:\/\/www.colorkaros.cz\/author\/","identifier":1,"image":{"@type":"ImageObject","@id":"https:\/\/secure.gravatar.com\/avatar\/bbaa4e9a58aac4329fe0ade0f3fb816f09f0dc43c21f6e884dccfbc124b16b29?s=96&d=mm&r=g","url":"https:\/\/secure.gravatar.com\/avatar\/bbaa4e9a58aac4329fe0ade0f3fb816f09f0dc43c21f6e884dccfbc124b16b29?s=96&d=mm&r=g","height":96,"width":96}},"publisher":{"@type":"Organization","name":"colorkaros.cz","logo":{"@type":"ImageObject","@id":"\/logo.png","url":"\/logo.png","width":600,"height":60}},"url":"https:\/\/www.colorkaros.cz\/leskle-a-huste-jiz-nemusi-byt-pouhym-snem\/","wordCount":178,"articleBody":"S prodlu\u017eov\u00e1n\u00edm vlas\u016f budete m\u00edt zaru\u010den\u011b \u00fasp\u011bch.Bez t\u00e9to procedurynebudete m\u00edt nikdy dokonal\u00fd \u00fa\u010des, po kter\u00e9m ji\u017e n\u011bkolik let marn\u011b tou\u017e\u00edte. Dlouh\u00e9, hust\u00e9 a leskl\u00e9 jsou snem ka\u017ed\u00e9 \u017eeny. Pokud m\u00e1te ji\u017e n\u011bkolik let po\u0159\u00e1d stejn\u00fd \u00fa\u010des, kter\u00fd je prost\u011b tuctov\u00fd, chce to doopravdy okam\u017eit\u011b n\u011bjakou vhodnou zm\u011bnu. Jist\u011b to bude zm\u011bna k lep\u0161\u00edmu.Kr\u00e1sn\u011b dlouh\u00e9 za p\u00e1r hodinS prodlu\u017eov\u00e1n\u00edm vlas\u016f budete m\u00edt ur\u010dit\u011b dobr\u00e9 zku\u0161enosti. Bez t\u00e9to procedury budete m\u00edt nejsp\u00ed\u0161 dal\u0161\u00edch deset let st\u00e1le stejn\u00fd \u00fa\u010des, kter\u00fd je doopravdy nudn\u00fd a nemodern\u00ed. Pokud se kone\u010dn\u011b rozhodnete a objedn\u00e1te se do n\u011bjak\u00e9ho kade\u0159nick\u00e9ho salonu, tak zva\u017ete shora uvedenou proceduru, kter\u00e1 by mohla b\u00fdt pro V\u00e1s to prav\u00e9 o\u0159echov\u00e9. Dlouh\u00fd cop a\u017e po zadek ji\u017e nemus\u00ed b\u00fdt pouze nesplniteln\u00fd sen. Ur\u010dit\u011b Va\u0161i prom\u011bnu budou v\u0161ichni hodnotit velmi kladn\u011b.                                                                                                                                                                                                                                                                                                                                                                                         4\/5 - (5 votes)        "},{"@context":"https:\/\/schema.org\/","@type":"BreadcrumbList","itemListElement":[{"@type":"ListItem","position":1,"name":"Leskl\u00e9 a hust\u00e9 ji\u017e nemus\u00ed b\u00fdt pouh\u00fdm snem","item":"https:\/\/www.colorkaros.cz\/leskle-a-huste-jiz-nemusi-byt-pouhym-snem\/#breadcrumbitem"}]}]