[{"@context":"https:\/\/schema.org\/","@type":"Article","@id":"https:\/\/www.colorkaros.cz\/maskac-neni-jen-pro-vojaky\/#Article","mainEntityOfPage":"https:\/\/www.colorkaros.cz\/maskac-neni-jen-pro-vojaky\/","headline":"Mask\u00e1\u010d nen\u00ed jen pro voj\u00e1ky!","name":"Mask\u00e1\u010d nen\u00ed jen pro voj\u00e1ky!","description":"Miluje\u0161 mask\u00e1\u010d? Kdo chodil v tomto stylu? No p\u0159ece voj\u00e1ci, a tvrd\u00fd holky! A to jsi p\u0159esn\u011b ty! Ano \u010dte\u0161 spr\u00e1vn\u011b! Uka\u017e se i v \u0161atech, a t\u00e9to barv\u011b! Kdo by neznal mask\u00e1\u010dov\u00e9 \u0161aty? Nebo mask\u00e1\u010dov\u00e9 tri\u010dko, t\u00edlko, kalhoty, tepl\u00e1ky, mikiny, ko\u0161ile? My samoz\u0159ejm\u011b ano! A dnes v\u00e1m nab\u00edz\u00edme pr\u00e1v\u011b mask\u00e1\u010dov\u00e9 \u0161aty, kter\u00e9 jsou nav\u00edc ...","datePublished":"2021-11-04","dateModified":"2023-05-05","author":{"@type":"Person","@id":"https:\/\/www.colorkaros.cz\/author\/#Person","name":"","url":"https:\/\/www.colorkaros.cz\/author\/","identifier":1,"image":{"@type":"ImageObject","@id":"https:\/\/secure.gravatar.com\/avatar\/bbaa4e9a58aac4329fe0ade0f3fb816f09f0dc43c21f6e884dccfbc124b16b29?s=96&d=mm&r=g","url":"https:\/\/secure.gravatar.com\/avatar\/bbaa4e9a58aac4329fe0ade0f3fb816f09f0dc43c21f6e884dccfbc124b16b29?s=96&d=mm&r=g","height":96,"width":96}},"publisher":{"@type":"Organization","name":"colorkaros.cz","logo":{"@type":"ImageObject","@id":"\/logo.png","url":"\/logo.png","width":600,"height":60}},"image":{"@type":"ImageObject","@id":"https:\/\/www.colorkaros.cz\/wp-content\/uploads\/hk-96c8ab63e0ea833b8805ea1a281d40b0.jpg","url":"https:\/\/www.colorkaros.cz\/wp-content\/uploads\/hk-96c8ab63e0ea833b8805ea1a281d40b0.jpg","height":0,"width":0},"url":"https:\/\/www.colorkaros.cz\/maskac-neni-jen-pro-vojaky\/","about":["V\u00fdrobky"],"wordCount":478,"articleBody":"      Miluje\u0161 mask\u00e1\u010d? Kdo chodil v tomto stylu? No p\u0159ece voj\u00e1ci, a tvrd\u00fd holky! A to jsi p\u0159esn\u011b ty! Ano \u010dte\u0161 spr\u00e1vn\u011b! Uka\u017e se i v \u0161atech, a t\u00e9to barv\u011b! Kdo by neznal mask\u00e1\u010dov\u00e9 \u0161aty? Nebo mask\u00e1\u010dov\u00e9 tri\u010dko, t\u00edlko, kalhoty, tepl\u00e1ky, mikiny, ko\u0161ile? My samoz\u0159ejm\u011b ano! A dnes v\u00e1m nab\u00edz\u00edme pr\u00e1v\u011b mask\u00e1\u010dov\u00e9 \u0161aty, kter\u00e9 jsou nav\u00edc velmi elegantn\u00ed, tak\u017ee v nich zaz\u00e1\u0159\u00edte p\u0159i jak\u00e9koliv p\u0159\u00edle\u017eitosti. A\u0165 u\u017e p\u016fjdete jen tak ven na proch\u00e1zku se sv\u00fdm milovan\u00fdm chlupat\u00fdm mazl\u00ed\u010dkem, nebo si zacvi\u010dit do posilovny, do pr\u00e1ce, na n\u00e1kupy nebo na n\u00e1v\u0161t\u011bvu za rodinou.A jestli\u017ee milujete kapuce, tak se v\u00e1m zavd\u011b\u010d\u00edme. Proto\u017ee pokud za\u010dne foukat v\u00edtr, tak si uchr\u00e1n\u00edte sv\u00e9 u\u0161i. A daj\u00ed se k tomu nosit tepl\u00e9 pun\u010doch\u00e1\u010de? No jasn\u011b! Z\u00e1le\u017e\u00ed jen pouze na v\u00e1s co si zrovna obl\u00e9knete podle va\u0161\u00ed aktu\u00e1ln\u00ed n\u00e1lady! Na na\u0161em e-shopu si zajist\u00e9 vybere ka\u017ed\u00e1 mlad\u00e1 d\u00e1ma, sle\u010dna nebo pan\u00ed! Z\u00e1le\u017e\u00ed n\u00e1m i na kvalit\u011b materi\u00e1lu, a proto vyb\u00edr\u00e1me ten nejlep\u0161\u00ed, a nejvhodn\u011bj\u0161\u00ed pro v\u00e1s. Ale pozor! Nenab\u00edz\u00edme jen mask\u00e1\u010dov\u00e9 \u0161aty, ale taky spoustu dal\u0161\u00edho oble\u010den\u00ed, kter\u00e9 je za dobrou cenu. Sh\u00e1n\u00edte leg\u00edny, kalhoty, sukn\u011b, tri\u010dka, mikiny soupravy, tuniky, \u010depice. A pokud jste nav\u00edc je\u0161t\u011b nast\u00e1vaj\u00edc\u00ed maminka a sh\u00e1n\u00edte pohodln\u00e9 oble\u010den\u00ed, kter\u00e9 na v\u00e1s bude z\u00e1rove\u0148 dob\u0159e vypadat, tak honem nav\u0161tivte n\u00e1\u0161 e-shop.M\u00e1te r\u016fzn\u00e9 velikosti i r\u016fzn\u00e9 barvy. Pro lep\u0161\u00ed vyhled\u00e1v\u00e1n\u00ed m\u00e1me barevn\u00e9 n\u00e1pisy, kter\u00e9 v\u00e1m umo\u017en\u00ed rychle naj\u00edt si tu va\u0161\u00ed obl\u00edbenou barvu, a nemus\u00edte se tak dlouho proklik\u00e1vat a\u017e k va\u0161emu vysn\u011bn\u00e9mu kousku, kter\u00fd v\u00e1m zrovna chyb\u00ed ve va\u0161em \u0161atn\u00edku! Jsme tu p\u0159ece pro v\u00e1s mil\u00e9 d\u00e1my, a mus\u00edme st\u00e1t p\u0159i sob\u011b za ka\u017ed\u00e9 doby! A kdo si jednou u n\u00e1s nakoup\u00ed, tak se k n\u00e1m zajist\u00e9 jist\u011b zase vr\u00e1t\u00ed, a t\u0159eba se stane i na\u0161\u00edm pravideln\u00fdm z\u00e1kazn\u00edkem. A jestli\u017ee sh\u00e1n\u00ed n\u011bkdo z va\u0161ich kamar\u00e1dek, kolegy\u0148 nebo z rodiny vhodn\u00fd modern\u00ed kousek, pak mu tak\u00e9 zajist\u00e9 vyhov\u00edme! Nav\u00edc m\u00e1me sekci s v\u00fdprodejem na\u0161eho zbo\u017e\u00ed tak\u017ee nakoup\u00edte je\u0161t\u011b levn\u011bji ne\u017e kdy jindy! Tak na co je\u0161t\u011b \u010dek\u00e1te? V t\u00e9to na\u0161\u00ed sekci d\u00e1msk\u00e1 m\u00f3da mask\u00e1\u010dov\u00e9 \u0161aty a zajist\u00e9 si vybere opravdu ka\u017ed\u00e1 \u017eena!                                                                                                                                                                                                                                                                                                                                                                                          4.2\/5 - (8 votes)        "},{"@context":"https:\/\/schema.org\/","@type":"BreadcrumbList","itemListElement":[{"@type":"ListItem","position":1,"name":"Mask\u00e1\u010d nen\u00ed jen pro voj\u00e1ky!","item":"https:\/\/www.colorkaros.cz\/maskac-neni-jen-pro-vojaky\/#breadcrumbitem"}]}]