[{"@context":"https:\/\/schema.org\/","@type":"Article","@id":"https:\/\/www.colorkaros.cz\/moda-gelovych-nehtu-ano-ci-ne\/#Article","mainEntityOfPage":"https:\/\/www.colorkaros.cz\/moda-gelovych-nehtu-ano-ci-ne\/","headline":"M\u00f3da gelov\u00fdch neht\u016f. Ano \u010di ne?","name":"M\u00f3da gelov\u00fdch neht\u016f. Ano \u010di ne?","description":"Dnes u\u017e je skoro m\u00f3dn\u00ed h\u0159\u00edch, pokud m\u00e1 \u017eena nedokonalou pedik\u00faru nebo manik\u00faru. A tak si v\u00a0drogerii koup\u00ed lak po\u017eadovan\u00e9 barvy, nehty si nalakuj\u00ed a po dvou dnech se div\u00ed, \u017ee nehty nevypadaj\u00ed podle jejich p\u0159edstav. Nen\u00ed se tak \u010demu divit, \u017ee st\u00e1le v\u00edce \u017een sv\u011b\u0159uje svou p\u00e9\u010di o ruce odborn\u00edk\u016fm. Hrav\u011b tak odejdete s\u00a0dokonale ...","datePublished":"2019-03-28","dateModified":"2023-05-05","author":{"@type":"Person","@id":"https:\/\/www.colorkaros.cz\/author\/#Person","name":"","url":"https:\/\/www.colorkaros.cz\/author\/","identifier":1,"image":{"@type":"ImageObject","@id":"https:\/\/secure.gravatar.com\/avatar\/bbaa4e9a58aac4329fe0ade0f3fb816f09f0dc43c21f6e884dccfbc124b16b29?s=96&d=mm&r=g","url":"https:\/\/secure.gravatar.com\/avatar\/bbaa4e9a58aac4329fe0ade0f3fb816f09f0dc43c21f6e884dccfbc124b16b29?s=96&d=mm&r=g","height":96,"width":96}},"publisher":{"@type":"Organization","name":"colorkaros.cz","logo":{"@type":"ImageObject","@id":"\/logo.png","url":"\/logo.png","width":600,"height":60}},"image":{"@type":"ImageObject","@id":"https:\/\/www.colorkaros.cz\/wp-content\/uploads\/img_a345359_w2417_t1559036795.jpg","url":"https:\/\/www.colorkaros.cz\/wp-content\/uploads\/img_a345359_w2417_t1559036795.jpg","height":0,"width":0},"url":"https:\/\/www.colorkaros.cz\/moda-gelovych-nehtu-ano-ci-ne\/","about":["Technika"],"wordCount":408,"articleBody":"Dnes u\u017e je skoro m\u00f3dn\u00ed h\u0159\u00edch, pokud m\u00e1 \u017eena nedokonalou pedik\u00faru nebo manik\u00faru. A tak si v\u00a0drogerii koup\u00ed lak po\u017eadovan\u00e9 barvy, nehty si nalakuj\u00ed a po dvou dnech se div\u00ed, \u017ee nehty nevypadaj\u00ed podle jejich p\u0159edstav. Nen\u00ed se tak \u010demu divit, \u017ee st\u00e1le v\u00edce \u017een sv\u011b\u0159uje svou p\u00e9\u010di o ruce odborn\u00edk\u016fm. Hrav\u011b tak odejdete s\u00a0dokonale upravenou manik\u00farou, kter\u00fd vydr\u017e\u00ed klidn\u011b m\u011bs\u00edc.\t\tNov\u00e1 doba si \u017e\u00e1d\u00e1 nov\u00e9 ob\u011bti\tDnes u\u017e se m\u00e1lokde setk\u00e1me s\u00a0um\u011ble nalepen\u00fdmi nehty, kter\u00e9 vypadaly asi tak p\u0159irozen\u011b jako d\u0159\u00edve um\u011bl\u00e9 paruky ze silonu. Ov\u0161em nov\u00e1 doba si \u017e\u00e1d\u00e1 nov\u00e9 zp\u016fsoby a tak na sv\u011btlo sv\u011bta p\u0159i\u0161ly gelov\u00e9 nehty. D\u00edky gelov\u00e9 \u00faprav\u011b lak na nehtech skv\u011ble dr\u017e\u00ed a \u017eeny se tak nemus\u00ed b\u00e1t \u010dinnost\u00ed, d\u00edky kter\u00fdm se d\u0159\u00edve lak z\u00a0neht\u016f spolehliv\u011b oloupal.\t\tRozd\u00edl mezi gelov\u00fdm a akrylov\u00fdm lakem\tPokud u\u017e jste tedy po p\u0159e\u010dten\u00ed tohoto \u010dl\u00e1nku dosp\u011bla k z\u00e1v\u011bru, \u017ee gelov\u00e9 nehty pot\u0159ebujete tak\u00e9, nehte si rozhodn\u011b poradit a nevs\u00e1zejte na prvn\u00ed nehtov\u00e9 studio, kter\u00e9 potk\u00e1te. \u00dapln\u011b se vyhn\u011bte vietnamsk\u00fdm studi\u00edm, kter\u00e9 \u010dasto zam\u011b\u0148uj\u00ed dva r\u016fzn\u00e9 term\u00edny, a to gelov\u00e9 a akrylov\u00e9 nehty. Jak se vlastn\u011b od sebe tyto dv\u011b \u00fapravy neht\u016f odli\u0161uj\u00ed?\t\u00a0\t\u00b7\u00a0\u00a0\u00a0\u00a0\u00a0\u00a0\u00a0\u00a0 Akrylov\u00e9 nehty\tM\u016f\u017eeme je naj\u00edt i pod n\u00e1zvem porcel\u00e1nov\u00e9 nebo prysky\u0159icov\u00e9 nehty. Akrylov\u00e9 nehty jsou velmi \u010dasto daleko pevn\u011bj\u0161\u00ed ne\u017e ty gelov\u00e9. D\u00e9le vydr\u017e\u00ed a nemus\u00edte se s\u00a0nimi b\u00e1t vykon\u00e1vat t\u00e9m\u011b\u0159 jakoukoliv manu\u00e1ln\u00ed pr\u00e1ci. Jejich oprava a odstran\u011bn\u00ed je velmi jednoduch\u00e1. Ov\u0161em i tato metoda m\u00e1 sv\u00e9 nev\u00fdhody, d\u00edky siln\u00e9 vrstv\u011b akrylu nemohou nehty pod vrstvou laku d\u00fdchat, ni\u010d\u00ed se a v\u00a0hor\u0161\u00edch p\u0159\u00edpadech v\u00e1m m\u016f\u017ee za nehtem vzniknout dokonce i pl\u00edse\u0148.\t\u00a0\t\u00b7\u00a0\u00a0\u00a0\u00a0\u00a0\u00a0\u00a0\u00a0 Gelov\u00e9 nehty\tGelov\u00e9 nehty na prvn\u00ed pohled vypadaj\u00ed velmi p\u0159irozen\u011b. Gel je nav\u00edc bez z\u00e1pachu a vy si tak m\u016f\u017eete velmi snadno ov\u011b\u0159it, \u017ee se skute\u010dn\u011b jedn\u00e1 o gelovou metodu. Nehty mohou pod gelem l\u00e9pe d\u00fdchat, ov\u0161em gelov\u00e9 nehty se mohou daleko snadn\u011bji zlomit a oprava je pak velmi n\u00e1ro\u010dn\u00e1 a finan\u010dn\u011b n\u00e1kladn\u00e1.\t\u00a0                                                                                                                                                                                                                                                                                                                                                                                        4.1\/5 - (8 votes)        "},{"@context":"https:\/\/schema.org\/","@type":"BreadcrumbList","itemListElement":[{"@type":"ListItem","position":1,"name":"M\u00f3da gelov\u00fdch neht\u016f. Ano \u010di ne?","item":"https:\/\/www.colorkaros.cz\/moda-gelovych-nehtu-ano-ci-ne\/#breadcrumbitem"}]}]