[{"@context":"https:\/\/schema.org\/","@type":"Blog","@id":"https:\/\/www.colorkaros.cz#Blog","headline":"Color karos","description":"\nNev\u00edte, kter\u00fd web by v\u00e1m snad mohl pomoci se zvl\u00e1dnut\u00edm situace, je\u017e u v\u00e1s nastala? Zkuste to u n\u00e1s, t\u0159eba to budeme pr\u00e1v\u011b my, kdo v\u00e1m pom\u016f\u017ee.","url":"https:\/\/www.colorkaros.cz","hasPart":[{"@type":"Article","@id":"https:\/\/www.colorkaros.cz\/zabava-pro-celou-rodinu\/","headline":"Z\u00e1bava pro celou rodinu","url":"https:\/\/www.colorkaros.cz\/zabava-pro-celou-rodinu\/","datePublished":"2018-03-09","dateModified":"2023-05-05","mainEntityOfPage":"https:\/\/www.colorkaros.cz\/zabava-pro-celou-rodinu\/","author":{"@type":"Person","@id":"https:\/\/www.colorkaros.cz\/author\/#Person","name":"","url":"https:\/\/www.colorkaros.cz\/author\/","identifier":1,"image":{"@type":"ImageObject","@id":"https:\/\/secure.gravatar.com\/avatar\/bbaa4e9a58aac4329fe0ade0f3fb816f09f0dc43c21f6e884dccfbc124b16b29?s=96&d=mm&r=g","url":"https:\/\/secure.gravatar.com\/avatar\/bbaa4e9a58aac4329fe0ade0f3fb816f09f0dc43c21f6e884dccfbc124b16b29?s=96&d=mm&r=g","height":96,"width":96}},"publisher":{"@type":"Organization","name":"colorkaros.cz","logo":{"@type":"ImageObject","@id":"\/logo.png","url":"\/logo.png","width":600,"height":60}},"image":{"@type":"ImageObject","@id":"https:\/\/www.colorkaros.cz\/wp-content\/uploads\/img_a314860_w2417_t1525876391.jpg","url":"https:\/\/www.colorkaros.cz\/wp-content\/uploads\/img_a314860_w2417_t1525876391.jpg","height":0,"width":0},"wordCount":533,"keywords":null},{"@type":"Article","@id":"https:\/\/www.colorkaros.cz\/spojte-se-proti-demenci\/","headline":"Spojte se proti demenci","url":"https:\/\/www.colorkaros.cz\/spojte-se-proti-demenci\/","datePublished":"2018-02-06","dateModified":"2023-05-05","mainEntityOfPage":"https:\/\/www.colorkaros.cz\/spojte-se-proti-demenci\/","author":{"@type":"Person","@id":"https:\/\/www.colorkaros.cz\/author\/#Person","name":"","url":"https:\/\/www.colorkaros.cz\/author\/","identifier":1,"image":{"@type":"ImageObject","@id":"https:\/\/secure.gravatar.com\/avatar\/bbaa4e9a58aac4329fe0ade0f3fb816f09f0dc43c21f6e884dccfbc124b16b29?s=96&d=mm&r=g","url":"https:\/\/secure.gravatar.com\/avatar\/bbaa4e9a58aac4329fe0ade0f3fb816f09f0dc43c21f6e884dccfbc124b16b29?s=96&d=mm&r=g","height":96,"width":96}},"publisher":{"@type":"Organization","name":"colorkaros.cz","logo":{"@type":"ImageObject","@id":"\/logo.png","url":"\/logo.png","width":600,"height":60}},"image":{"@type":"ImageObject","@id":"https:\/\/www.colorkaros.cz\/wp-content\/uploads\/img_a312008_w2417_t1523044583.jpg","url":"https:\/\/www.colorkaros.cz\/wp-content\/uploads\/img_a312008_w2417_t1523044583.jpg","height":0,"width":0},"wordCount":680,"keywords":null},{"@type":"Article","@id":"https:\/\/www.colorkaros.cz\/sluzby-pro-domacnost-z-telefonu\/","headline":"Slu\u017eby pro dom\u00e1cnost z telefonu","url":"https:\/\/www.colorkaros.cz\/sluzby-pro-domacnost-z-telefonu\/","datePublished":"2018-01-20","dateModified":"2023-05-05","mainEntityOfPage":"https:\/\/www.colorkaros.cz\/sluzby-pro-domacnost-z-telefonu\/","author":{"@type":"Person","@id":"https:\/\/www.colorkaros.cz\/author\/#Person","name":"","url":"https:\/\/www.colorkaros.cz\/author\/","identifier":1,"image":{"@type":"ImageObject","@id":"https:\/\/secure.gravatar.com\/avatar\/bbaa4e9a58aac4329fe0ade0f3fb816f09f0dc43c21f6e884dccfbc124b16b29?s=96&d=mm&r=g","url":"https:\/\/secure.gravatar.com\/avatar\/bbaa4e9a58aac4329fe0ade0f3fb816f09f0dc43c21f6e884dccfbc124b16b29?s=96&d=mm&r=g","height":96,"width":96}},"publisher":{"@type":"Organization","name":"colorkaros.cz","logo":{"@type":"ImageObject","@id":"\/logo.png","url":"\/logo.png","width":600,"height":60}},"image":{"@type":"ImageObject","@id":"https:\/\/www.colorkaros.cz\/wp-content\/uploads\/img_a310593_w2417_t1521537694.jpg","url":"https:\/\/www.colorkaros.cz\/wp-content\/uploads\/img_a310593_w2417_t1521537694.jpg","height":0,"width":0},"wordCount":441,"keywords":null},{"@type":"Article","@id":"https:\/\/www.colorkaros.cz\/voynichuv-rukopis-rozlusten\/","headline":"Voynich\u016fv rukopis rozlu\u0161t\u011bn?","url":"https:\/\/www.colorkaros.cz\/voynichuv-rukopis-rozlusten\/","datePublished":"2018-01-12","dateModified":"2023-05-05","mainEntityOfPage":"https:\/\/www.colorkaros.cz\/voynichuv-rukopis-rozlusten\/","author":{"@type":"Person","@id":"https:\/\/www.colorkaros.cz\/author\/#Person","name":"","url":"https:\/\/www.colorkaros.cz\/author\/","identifier":1,"image":{"@type":"ImageObject","@id":"https:\/\/secure.gravatar.com\/avatar\/bbaa4e9a58aac4329fe0ade0f3fb816f09f0dc43c21f6e884dccfbc124b16b29?s=96&d=mm&r=g","url":"https:\/\/secure.gravatar.com\/avatar\/bbaa4e9a58aac4329fe0ade0f3fb816f09f0dc43c21f6e884dccfbc124b16b29?s=96&d=mm&r=g","height":96,"width":96}},"publisher":{"@type":"Organization","name":"colorkaros.cz","logo":{"@type":"ImageObject","@id":"\/logo.png","url":"\/logo.png","width":600,"height":60}},"image":{"@type":"ImageObject","@id":"https:\/\/www.colorkaros.cz\/wp-content\/uploads\/img_a309795_w2417_t1520842576.jpg","url":"https:\/\/www.colorkaros.cz\/wp-content\/uploads\/img_a309795_w2417_t1520842576.jpg","height":0,"width":0},"wordCount":517,"keywords":null},{"@type":"Article","@id":"https:\/\/www.colorkaros.cz\/klady-a-zapory-internetu\/","headline":"Klady a z\u00e1pory internetu","url":"https:\/\/www.colorkaros.cz\/klady-a-zapory-internetu\/","datePublished":"2018-01-08","dateModified":"2023-05-05","mainEntityOfPage":"https:\/\/www.colorkaros.cz\/klady-a-zapory-internetu\/","author":{"@type":"Person","@id":"https:\/\/www.colorkaros.cz\/author\/#Person","name":"","url":"https:\/\/www.colorkaros.cz\/author\/","identifier":1,"image":{"@type":"ImageObject","@id":"https:\/\/secure.gravatar.com\/avatar\/bbaa4e9a58aac4329fe0ade0f3fb816f09f0dc43c21f6e884dccfbc124b16b29?s=96&d=mm&r=g","url":"https:\/\/secure.gravatar.com\/avatar\/bbaa4e9a58aac4329fe0ade0f3fb816f09f0dc43c21f6e884dccfbc124b16b29?s=96&d=mm&r=g","height":96,"width":96}},"publisher":{"@type":"Organization","name":"colorkaros.cz","logo":{"@type":"ImageObject","@id":"\/logo.png","url":"\/logo.png","width":600,"height":60}},"image":{"@type":"ImageObject","@id":"https:\/\/www.colorkaros.cz\/wp-content\/uploads\/img_a309527_w2417_t1520492367.jpg","url":"https:\/\/www.colorkaros.cz\/wp-content\/uploads\/img_a309527_w2417_t1520492367.jpg","height":0,"width":0},"wordCount":994,"keywords":null},{"@type":"Article","@id":"https:\/\/www.colorkaros.cz\/kauza-lithium-se-resi-od-rijna-2017-do-te-doby-o-nem-takrka-nikdo-nevedel\/","headline":"Kauza Lithium se \u0159e\u0161\u00ed od \u0159\u00edjna 2017, do t\u00e9 doby o n\u011bm tak\u0159ka nikdo nev\u011bd\u011bl","url":"https:\/\/www.colorkaros.cz\/kauza-lithium-se-resi-od-rijna-2017-do-te-doby-o-nem-takrka-nikdo-nevedel\/","datePublished":"2017-12-24","dateModified":"2023-05-05","mainEntityOfPage":"https:\/\/www.colorkaros.cz\/kauza-lithium-se-resi-od-rijna-2017-do-te-doby-o-nem-takrka-nikdo-nevedel\/","author":{"@type":"Person","@id":"https:\/\/www.colorkaros.cz\/author\/#Person","name":"","url":"https:\/\/www.colorkaros.cz\/author\/","identifier":1,"image":{"@type":"ImageObject","@id":"https:\/\/secure.gravatar.com\/avatar\/bbaa4e9a58aac4329fe0ade0f3fb816f09f0dc43c21f6e884dccfbc124b16b29?s=96&d=mm&r=g","url":"https:\/\/secure.gravatar.com\/avatar\/bbaa4e9a58aac4329fe0ade0f3fb816f09f0dc43c21f6e884dccfbc124b16b29?s=96&d=mm&r=g","height":96,"width":96}},"publisher":{"@type":"Organization","name":"colorkaros.cz","logo":{"@type":"ImageObject","@id":"\/logo.png","url":"\/logo.png","width":600,"height":60}},"image":{"@type":"ImageObject","@id":"https:\/\/www.colorkaros.cz\/wp-content\/uploads\/img_a308367_w2417_t1519466836.jpg","url":"https:\/\/www.colorkaros.cz\/wp-content\/uploads\/img_a308367_w2417_t1519466836.jpg","height":0,"width":0},"wordCount":469,"keywords":null},{"@type":"Article","@id":"https:\/\/www.colorkaros.cz\/vite-co-vsechno-dokaze-vas-domaci-spotrebic\/","headline":"V\u00edte, co v\u0161echno dok\u00e1\u017ee V\u00e1\u0161 dom\u00e1c\u00ed spot\u0159ebi\u010d?","url":"https:\/\/www.colorkaros.cz\/vite-co-vsechno-dokaze-vas-domaci-spotrebic\/","datePublished":"2017-12-23","dateModified":"2023-05-05","mainEntityOfPage":"https:\/\/www.colorkaros.cz\/vite-co-vsechno-dokaze-vas-domaci-spotrebic\/","author":{"@type":"Person","@id":"https:\/\/www.colorkaros.cz\/author\/#Person","name":"","url":"https:\/\/www.colorkaros.cz\/author\/","identifier":1,"image":{"@type":"ImageObject","@id":"https:\/\/secure.gravatar.com\/avatar\/bbaa4e9a58aac4329fe0ade0f3fb816f09f0dc43c21f6e884dccfbc124b16b29?s=96&d=mm&r=g","url":"https:\/\/secure.gravatar.com\/avatar\/bbaa4e9a58aac4329fe0ade0f3fb816f09f0dc43c21f6e884dccfbc124b16b29?s=96&d=mm&r=g","height":96,"width":96}},"publisher":{"@type":"Organization","name":"colorkaros.cz","logo":{"@type":"ImageObject","@id":"\/logo.png","url":"\/logo.png","width":600,"height":60}},"image":{"@type":"ImageObject","@id":"https:\/\/www.colorkaros.cz\/wp-content\/uploads\/img_a308271_w2417_t1519404228.png","url":"https:\/\/www.colorkaros.cz\/wp-content\/uploads\/img_a308271_w2417_t1519404228.png","height":0,"width":0},"wordCount":801,"keywords":null},{"@type":"Article","@id":"https:\/\/www.colorkaros.cz\/bolest-bederni-patere-aneb-adekvatni-prevence-a-pomoc\/","headline":"Bolest bedern\u00ed p\u00e1te\u0159e aneb adekv\u00e1tn\u00ed prevence a pomoc","url":"https:\/\/www.colorkaros.cz\/bolest-bederni-patere-aneb-adekvatni-prevence-a-pomoc\/","datePublished":"2017-12-19","dateModified":"2023-05-05","mainEntityOfPage":"https:\/\/www.colorkaros.cz\/bolest-bederni-patere-aneb-adekvatni-prevence-a-pomoc\/","author":{"@type":"Person","@id":"https:\/\/www.colorkaros.cz\/author\/#Person","name":"","url":"https:\/\/www.colorkaros.cz\/author\/","identifier":1,"image":{"@type":"ImageObject","@id":"https:\/\/secure.gravatar.com\/avatar\/bbaa4e9a58aac4329fe0ade0f3fb816f09f0dc43c21f6e884dccfbc124b16b29?s=96&d=mm&r=g","url":"https:\/\/secure.gravatar.com\/avatar\/bbaa4e9a58aac4329fe0ade0f3fb816f09f0dc43c21f6e884dccfbc124b16b29?s=96&d=mm&r=g","height":96,"width":96}},"publisher":{"@type":"Organization","name":"colorkaros.cz","logo":{"@type":"ImageObject","@id":"\/logo.png","url":"\/logo.png","width":600,"height":60}},"image":{"@type":"ImageObject","@id":"https:\/\/www.colorkaros.cz\/wp-content\/uploads\/img_a307877_w2417_t1519075364.jpg","url":"https:\/\/www.colorkaros.cz\/wp-content\/uploads\/img_a307877_w2417_t1519075364.jpg","height":0,"width":0},"wordCount":616,"keywords":null},{"@type":"Article","@id":"https:\/\/www.colorkaros.cz\/i-maly-prostor-muze-poskytnout-dostatek-mista\/","headline":"I mal\u00fd prostor m\u016f\u017ee poskytnout dostatek m\u00edsta!","url":"https:\/\/www.colorkaros.cz\/i-maly-prostor-muze-poskytnout-dostatek-mista\/","datePublished":"2017-12-19","dateModified":"2023-05-05","mainEntityOfPage":"https:\/\/www.colorkaros.cz\/i-maly-prostor-muze-poskytnout-dostatek-mista\/","author":{"@type":"Person","@id":"https:\/\/www.colorkaros.cz\/author\/#Person","name":"","url":"https:\/\/www.colorkaros.cz\/author\/","identifier":1,"image":{"@type":"ImageObject","@id":"https:\/\/secure.gravatar.com\/avatar\/bbaa4e9a58aac4329fe0ade0f3fb816f09f0dc43c21f6e884dccfbc124b16b29?s=96&d=mm&r=g","url":"https:\/\/secure.gravatar.com\/avatar\/bbaa4e9a58aac4329fe0ade0f3fb816f09f0dc43c21f6e884dccfbc124b16b29?s=96&d=mm&r=g","height":96,"width":96}},"publisher":{"@type":"Organization","name":"colorkaros.cz","logo":{"@type":"ImageObject","@id":"\/logo.png","url":"\/logo.png","width":600,"height":60}},"image":{"@type":"ImageObject","@id":"https:\/\/www.colorkaros.cz\/wp-content\/uploads\/img_a307876_w2417_t1519074934.jpg","url":"https:\/\/www.colorkaros.cz\/wp-content\/uploads\/img_a307876_w2417_t1519074934.jpg","height":0,"width":0},"wordCount":569,"keywords":null},{"@type":"Article","@id":"https:\/\/www.colorkaros.cz\/jak-vybrat-spravnou-zimni-pneumatiku\/","headline":"Jak vybrat spr\u00e1vnou zimn\u00ed pneumatiku?","url":"https:\/\/www.colorkaros.cz\/jak-vybrat-spravnou-zimni-pneumatiku\/","datePublished":"2017-12-18","dateModified":"2023-05-05","mainEntityOfPage":"https:\/\/www.colorkaros.cz\/jak-vybrat-spravnou-zimni-pneumatiku\/","author":{"@type":"Person","@id":"https:\/\/www.colorkaros.cz\/author\/#Person","name":"","url":"https:\/\/www.colorkaros.cz\/author\/","identifier":1,"image":{"@type":"ImageObject","@id":"https:\/\/secure.gravatar.com\/avatar\/bbaa4e9a58aac4329fe0ade0f3fb816f09f0dc43c21f6e884dccfbc124b16b29?s=96&d=mm&r=g","url":"https:\/\/secure.gravatar.com\/avatar\/bbaa4e9a58aac4329fe0ade0f3fb816f09f0dc43c21f6e884dccfbc124b16b29?s=96&d=mm&r=g","height":96,"width":96}},"publisher":{"@type":"Organization","name":"colorkaros.cz","logo":{"@type":"ImageObject","@id":"\/logo.png","url":"\/logo.png","width":600,"height":60}},"image":{"@type":"ImageObject","@id":"https:\/\/www.colorkaros.cz\/wp-content\/uploads\/img_a307682_w2417_t1518950081.jpg","url":"https:\/\/www.colorkaros.cz\/wp-content\/uploads\/img_a307682_w2417_t1518950081.jpg","height":0,"width":0},"wordCount":589,"keywords":null}]},{"@context":"https:\/\/schema.org","@type":"WebSite","@id":"https:\/\/www.colorkaros.cz\/#website","name":"Color karos","url":"https:\/\/www.colorkaros.cz","potentialAction":{"@type":"SearchAction","target":"https:\/\/www.colorkaros.cz\/?s={search_term_string}","query-input":"required name=search_term_string"}}]