{"@context":"https:\/\/schema.org\/","@type":"CollectionPage","@id":"https:\/\/www.colorkaros.cz\/technika\/#CollectionPage","headline":"Technika Category","description":"","url":"https:\/\/www.colorkaros.cz\/technika\/","hasPart":[{"@type":"Article","@id":"https:\/\/www.colorkaros.cz\/jsme-zavisli-na-technice\/","headline":"Jsme z\u00e1visl\u00ed na technice","url":"https:\/\/www.colorkaros.cz\/jsme-zavisli-na-technice\/","datePublished":"2024-02-27","dateModified":"2024-02-27","mainEntityOfPage":"https:\/\/www.colorkaros.cz\/jsme-zavisli-na-technice\/","author":{"@type":"Person","@id":"https:\/\/www.colorkaros.cz\/author\/#Person","name":"","url":"https:\/\/www.colorkaros.cz\/author\/","identifier":1,"image":{"@type":"ImageObject","@id":"https:\/\/secure.gravatar.com\/avatar\/bbaa4e9a58aac4329fe0ade0f3fb816f09f0dc43c21f6e884dccfbc124b16b29?s=96&d=mm&r=g","url":"https:\/\/secure.gravatar.com\/avatar\/bbaa4e9a58aac4329fe0ade0f3fb816f09f0dc43c21f6e884dccfbc124b16b29?s=96&d=mm&r=g","height":96,"width":96}},"publisher":{"@type":"Organization","name":"colorkaros.cz","logo":{"@type":"ImageObject","@id":"\/logo.png","url":"\/logo.png","width":600,"height":60}},"image":{"@type":"ImageObject","@id":"https:\/\/www.colorkaros.cz\/wp-content\/uploads\/po%C4%8D%C4%8D_1.jpg","url":"https:\/\/www.colorkaros.cz\/wp-content\/uploads\/po%C4%8D%C4%8D_1.jpg","height":0,"width":0},"keywords":null},{"@type":"Article","@id":"https:\/\/www.colorkaros.cz\/pozor-na-mobilni-telefon\/","headline":"Pozor na mobiln\u00ed telefon","url":"https:\/\/www.colorkaros.cz\/pozor-na-mobilni-telefon\/","datePublished":"2022-11-30","dateModified":"2023-10-31","mainEntityOfPage":"https:\/\/www.colorkaros.cz\/pozor-na-mobilni-telefon\/","author":{"@type":"Person","@id":"https:\/\/www.colorkaros.cz\/author\/#Person","name":"","url":"https:\/\/www.colorkaros.cz\/author\/","identifier":1,"image":{"@type":"ImageObject","@id":"https:\/\/secure.gravatar.com\/avatar\/bbaa4e9a58aac4329fe0ade0f3fb816f09f0dc43c21f6e884dccfbc124b16b29?s=96&d=mm&r=g","url":"https:\/\/secure.gravatar.com\/avatar\/bbaa4e9a58aac4329fe0ade0f3fb816f09f0dc43c21f6e884dccfbc124b16b29?s=96&d=mm&r=g","height":96,"width":96}},"publisher":{"@type":"Organization","name":"colorkaros.cz","logo":{"@type":"ImageObject","@id":"\/logo.png","url":"\/logo.png","width":600,"height":60}},"image":{"@type":"ImageObject","@id":"https:\/\/www.colorkaros.cz\/wp-content\/uploads\/office-865091_1280.jpg","url":"https:\/\/www.colorkaros.cz\/wp-content\/uploads\/office-865091_1280.jpg","height":0,"width":0},"keywords":null},{"@type":"Article","@id":"https:\/\/www.colorkaros.cz\/moda-gelovych-nehtu-ano-ci-ne\/","headline":"M\u00f3da gelov\u00fdch neht\u016f. Ano \u010di ne?","url":"https:\/\/www.colorkaros.cz\/moda-gelovych-nehtu-ano-ci-ne\/","datePublished":"2019-03-28","dateModified":"2023-05-05","mainEntityOfPage":"https:\/\/www.colorkaros.cz\/moda-gelovych-nehtu-ano-ci-ne\/","author":{"@type":"Person","@id":"https:\/\/www.colorkaros.cz\/author\/#Person","name":"","url":"https:\/\/www.colorkaros.cz\/author\/","identifier":1,"image":{"@type":"ImageObject","@id":"https:\/\/secure.gravatar.com\/avatar\/bbaa4e9a58aac4329fe0ade0f3fb816f09f0dc43c21f6e884dccfbc124b16b29?s=96&d=mm&r=g","url":"https:\/\/secure.gravatar.com\/avatar\/bbaa4e9a58aac4329fe0ade0f3fb816f09f0dc43c21f6e884dccfbc124b16b29?s=96&d=mm&r=g","height":96,"width":96}},"publisher":{"@type":"Organization","name":"colorkaros.cz","logo":{"@type":"ImageObject","@id":"\/logo.png","url":"\/logo.png","width":600,"height":60}},"image":{"@type":"ImageObject","@id":"https:\/\/www.colorkaros.cz\/wp-content\/uploads\/img_a345359_w2417_t1559036795.jpg","url":"https:\/\/www.colorkaros.cz\/wp-content\/uploads\/img_a345359_w2417_t1559036795.jpg","height":0,"width":0},"keywords":null},{"@type":"Article","@id":"https:\/\/www.colorkaros.cz\/vliv-obleceni-na-karieru\/","headline":"Vliv oble\u010den\u00ed na kari\u00e9ru","url":"https:\/\/www.colorkaros.cz\/vliv-obleceni-na-karieru\/","datePublished":"2017-12-15","dateModified":"2023-05-05","mainEntityOfPage":"https:\/\/www.colorkaros.cz\/vliv-obleceni-na-karieru\/","author":{"@type":"Person","@id":"https:\/\/www.colorkaros.cz\/author\/#Person","name":"","url":"https:\/\/www.colorkaros.cz\/author\/","identifier":1,"image":{"@type":"ImageObject","@id":"https:\/\/secure.gravatar.com\/avatar\/bbaa4e9a58aac4329fe0ade0f3fb816f09f0dc43c21f6e884dccfbc124b16b29?s=96&d=mm&r=g","url":"https:\/\/secure.gravatar.com\/avatar\/bbaa4e9a58aac4329fe0ade0f3fb816f09f0dc43c21f6e884dccfbc124b16b29?s=96&d=mm&r=g","height":96,"width":96}},"publisher":{"@type":"Organization","name":"colorkaros.cz","logo":{"@type":"ImageObject","@id":"\/logo.png","url":"\/logo.png","width":600,"height":60}},"image":{"@type":"ImageObject","@id":"https:\/\/www.colorkaros.cz\/wp-content\/uploads\/img_a307475_w2417_t1518725655.jpg","url":"https:\/\/www.colorkaros.cz\/wp-content\/uploads\/img_a307475_w2417_t1518725655.jpg","height":0,"width":0},"keywords":null}]}