[{"@context":"https:\/\/schema.org\/","@type":"Article","@id":"https:\/\/www.colorkaros.cz\/zajimavy-rozhovor\/#Article","mainEntityOfPage":"https:\/\/www.colorkaros.cz\/zajimavy-rozhovor\/","headline":"Zaj\u00edmav\u00fd rozhovor","name":"Zaj\u00edmav\u00fd rozhovor","description":"Ned\u00e1vno se v\u00e1m stalo, \u017ee jste v obchodn\u00edm dom\u011b v odd\u011blen\u00ed elektra narazila na dv\u011b star\u0161\u00ed pan\u00ed, kter\u00e9 se zrovna bavily o \u017e\u00e1rovk\u00e1ch a obecn\u011b o tom, jak je v dne\u0161n\u00ed dob\u011b v\u0161echno drah\u00e9. Asi to nebyl ni\u010d\u00edm v\u00fdjime\u010dn\u00fd rozhovor, byl zkr\u00e1tka takov\u00fd, jak\u00fdch se denn\u011b odehr\u00e1vaj\u00ed na ulic\u00edch stovky ba tis\u00edce, ale v\u00e1s p\u0159ece ...","datePublished":"2025-03-29","dateModified":"2025-03-29","author":{"@type":"Person","@id":"https:\/\/www.colorkaros.cz\/author\/#Person","name":"","url":"https:\/\/www.colorkaros.cz\/author\/","identifier":1,"image":{"@type":"ImageObject","@id":"https:\/\/secure.gravatar.com\/avatar\/bbaa4e9a58aac4329fe0ade0f3fb816f09f0dc43c21f6e884dccfbc124b16b29?s=96&d=mm&r=g","url":"https:\/\/secure.gravatar.com\/avatar\/bbaa4e9a58aac4329fe0ade0f3fb816f09f0dc43c21f6e884dccfbc124b16b29?s=96&d=mm&r=g","height":96,"width":96}},"publisher":{"@type":"Organization","name":"colorkaros.cz","logo":{"@type":"ImageObject","@id":"\/logo.png","url":"\/logo.png","width":600,"height":60}},"url":"https:\/\/www.colorkaros.cz\/zajimavy-rozhovor\/","wordCount":257,"articleBody":"Ned\u00e1vno se v\u00e1m stalo, \u017ee jste v obchodn\u00edm dom\u011b v odd\u011blen\u00ed elektra narazila na dv\u011b star\u0161\u00ed pan\u00ed, kter\u00e9 se zrovna bavily o \u017e\u00e1rovk\u00e1ch a obecn\u011b o tom, jak je v dne\u0161n\u00ed dob\u011b v\u0161echno drah\u00e9. Asi to nebyl ni\u010d\u00edm v\u00fdjime\u010dn\u00fd rozhovor, byl zkr\u00e1tka takov\u00fd, jak\u00fdch se denn\u011b odehr\u00e1vaj\u00ed na ulic\u00edch stovky ba tis\u00edce, ale v\u00e1s p\u0159ece jen zaujal. A nejv\u00edce v\u00e1s na tom zaujala podivn\u00e1 argumenta\u010dn\u00ed zkratka t\u011bch dvou pan\u00ed, kter\u00e1 byla ve skute\u010dnosti velk\u00fdm omylem. Zvr\u00e1cen\u00e1 logika Nejd\u0159\u00edve se toti\u017e bavily o tom, jak je v dne\u0161n\u00ed dob\u011b v\u0161echno drah\u00e9 a \u017ee kdyby nesledovaly ak\u010dn\u00ed nab\u00eddky obchodn\u00edch let\u00e1k\u016f, tak \u017ee by se sv\u00fdm d\u016fchodem nevy\u0161ly. Na druhou stranu pak ale mluvily o tom, \u017ee pro rohl\u00edky mus\u00ed zajet do jednoho obchodu, pro jogurt do druh\u00e9ho a pro s\u00fdry zase do t\u0159et\u00edho, kter\u00fd je na opa\u010dn\u00e9m konci m\u011bsta, tak\u017ee si v\u017edy rad\u011bji vezmou auto. Tak\u017ee v\u00e1s p\u0159irozen\u011b napadlo, \u017ee ty pan\u00ed projezd\u00ed v\u00edce benz\u00ednu, ne\u017e u\u0161et\u0159\u00ed. A kdy\u017e se pot\u00e9 za\u010daly bavit o tom, \u017ee to drah\u00e9 led osv\u011btlen\u00ed by si nikdy nekoupily a \u017ee st\u00e1le vyu\u017e\u00edvaj\u00ed sv\u00e9 bezedn\u00e9 z\u00e1soby star\u00fdch ne\u00fasporn\u00fdch \u017e\u00e1rovek, tak jste si pomyslela, \u017ee ty osoby bu\u010f neum\u00ed po\u010d\u00edtat anebo jsou zkr\u00e1tka hloup\u00e9.                                                                                                                                                                                                                                                                                                                                                                                                "},{"@context":"https:\/\/schema.org\/","@type":"BreadcrumbList","itemListElement":[{"@type":"ListItem","position":1,"name":"Zaj\u00edmav\u00fd rozhovor","item":"https:\/\/www.colorkaros.cz\/zajimavy-rozhovor\/#breadcrumbitem"}]}]